{"id":155,"date":"2023-03-09T15:58:00","date_gmt":"2023-03-09T14:58:00","guid":{"rendered":"https:\/\/avsc13.fr\/site\/?p=155"},"modified":"2023-04-15T08:31:14","modified_gmt":"2023-04-15T07:31:14","slug":"conference-le-port-romain-de-fos-frederic-marty","status":"publish","type":"post","link":"https:\/\/avsc13.fr\/site\/conference-le-port-romain-de-fos-frederic-marty\/","title":{"rendered":"[CONFERENCE] Le port romain de Fos &#8211; Fr\u00e9d\u00e9ric Marty"},"content":{"rendered":"\n<p>Les Amis du Vieux Saint-Chamas ont le plaisir de vous proposer une conf\u00e9rence \u00e0 la M\u00e9diath\u00e8que de Saint-Chamas le jeudi 09 mars 2023 \u00e0 17h30, intitul\u00e9e \u00ab\u00a0<strong>Le port romain de Fos-sur-Mer (13) : de l\u2019arch\u00e9ologie \u00e0 la r\u00e9alit\u00e9 virtuelle<\/strong>\u00ab\u00a0, anim\u00e9e par Fr\u00e9d\u00e9ric Marty, arch\u00e9ologue.<\/p>\n\n\n<div class=\"wp-block-image\">\n<figure class=\"aligncenter size-large\"><a href=\"https:\/\/avsc13.fr\/site\/wp-content\/uploads\/2023\/04\/330452058_775090236999271_6662863488502971400_n.jpg\"><img loading=\"lazy\" decoding=\"async\" width=\"724\" height=\"1024\" src=\"https:\/\/avsc13.fr\/site\/wp-content\/uploads\/2023\/04\/330452058_775090236999271_6662863488502971400_n-724x1024.jpg\" alt=\"\" class=\"wp-image-273\" srcset=\"https:\/\/avsc13.fr\/site\/wp-content\/uploads\/2023\/04\/330452058_775090236999271_6662863488502971400_n-724x1024.jpg 724w, https:\/\/avsc13.fr\/site\/wp-content\/uploads\/2023\/04\/330452058_775090236999271_6662863488502971400_n-212x300.jpg 212w, https:\/\/avsc13.fr\/site\/wp-content\/uploads\/2023\/04\/330452058_775090236999271_6662863488502971400_n-768x1086.jpg 768w, https:\/\/avsc13.fr\/site\/wp-content\/uploads\/2023\/04\/330452058_775090236999271_6662863488502971400_n.jpg 993w\" sizes=\"auto, (max-width: 724px) 100vw, 724px\" \/><\/a><\/figure>\n<\/div>","protected":false},"excerpt":{"rendered":"<p>Les Amis du Vieux Saint-Chamas ont le plaisir de vous proposer une conf\u00e9rence \u00e0 la M\u00e9diath\u00e8que de Saint-Chamas le jeudi 09 mars 2023 \u00e0 17h30, intitul\u00e9e \u00ab\u00a0Le port romain de Fos-sur-Mer (13) : de&#46;&#46;&#46;<\/p>\n","protected":false},"author":1,"featured_media":273,"comment_status":"closed","ping_status":"open","sticky":false,"template":"","format":"standard","meta":{"footnotes":""},"categories":[4],"tags":[],"class_list":["post-155","post","type-post","status-publish","format-standard","has-post-thumbnail","hentry","category-conferences"],"_links":{"self":[{"href":"https:\/\/avsc13.fr\/site\/wp-json\/wp\/v2\/posts\/155","targetHints":{"allow":["GET"]}}],"collection":[{"href":"https:\/\/avsc13.fr\/site\/wp-json\/wp\/v2\/posts"}],"about":[{"href":"https:\/\/avsc13.fr\/site\/wp-json\/wp\/v2\/types\/post"}],"author":[{"embeddable":true,"href":"https:\/\/avsc13.fr\/site\/wp-json\/wp\/v2\/users\/1"}],"replies":[{"embeddable":true,"href":"https:\/\/avsc13.fr\/site\/wp-json\/wp\/v2\/comments?post=155"}],"version-history":[{"count":1,"href":"https:\/\/avsc13.fr\/site\/wp-json\/wp\/v2\/posts\/155\/revisions"}],"predecessor-version":[{"id":274,"href":"https:\/\/avsc13.fr\/site\/wp-json\/wp\/v2\/posts\/155\/revisions\/274"}],"wp:featuredmedia":[{"embeddable":true,"href":"https:\/\/avsc13.fr\/site\/wp-json\/wp\/v2\/media\/273"}],"wp:attachment":[{"href":"https:\/\/avsc13.fr\/site\/wp-json\/wp\/v2\/media?parent=155"}],"wp:term":[{"taxonomy":"category","embeddable":true,"href":"https:\/\/avsc13.fr\/site\/wp-json\/wp\/v2\/categories?post=155"},{"taxonomy":"post_tag","embeddable":true,"href":"https:\/\/avsc13.fr\/site\/wp-json\/wp\/v2\/tags?post=155"}],"curies":[{"name":"wp","href":"https:\/\/api.w.org\/{rel}","templated":true}]}}