{"id":354,"date":"2023-02-18T17:33:00","date_gmt":"2023-02-18T16:33:00","guid":{"rendered":"https:\/\/avsc13.fr\/site\/?p=354"},"modified":"2023-04-15T17:36:37","modified_gmt":"2023-04-15T16:36:37","slug":"sortie-visite-du-museon-arlaten-a-arles","status":"publish","type":"post","link":"https:\/\/avsc13.fr\/site\/sortie-visite-du-museon-arlaten-a-arles\/","title":{"rendered":"[SORTIE] Visite du Museon Arlaten \u00e0 Arles"},"content":{"rendered":"\n<p>Ch\u00e8res Adh\u00e9rentes, Chers Adh\u00e9rents , Chers amis,<\/p>\n\n\n\n<p><strong>VISITE DU MUSEON ARLATEN A ARLES, le samedi 18 f\u00e9vrier \u00e0 partir de 14h00<\/strong><\/p>\n\n\n\n<p>La visite devrait \u00eatre guid\u00e9e et comment\u00e9e 10 personnes minimun pour 1h30 de visite, nous resterons ensuite environ 1h30 \u00e0 2h00 sur place,<\/p>\n\n\n\n<p>Pour les personnes int\u00e9ress\u00e9es par cette visite, merci de bien vouloir remplir le coupon ci-dessous et nous le retourner soit par mail : <a href=\"mailto:avsc13.asso@gmail.com\" target=\"_blank\" rel=\"noreferrer noopener\">avsc13.asso@gmail.com<\/a><\/p>\n\n\n\n<p>soit dans la bo\u00eete aux lettre de l\u2019association situ\u00e9e dans le hall de la Mairie de St Chamas<\/p>\n\n\n\n<p>Les Amis du Vieux Saint Chamas<\/p>\n\n\n\n<p>Mairie de Saint Chamas<\/p>\n\n\n\n<p>13250 SAINT CHAMAS<\/p>\n\n\n<div class=\"wp-block-image\">\n<figure class=\"aligncenter size-full\"><a href=\"https:\/\/avsc13.fr\/site\/wp-content\/uploads\/2023\/04\/Visite-Museon.jpg\"><img loading=\"lazy\" decoding=\"async\" width=\"714\" height=\"887\" src=\"https:\/\/avsc13.fr\/site\/wp-content\/uploads\/2023\/04\/Visite-Museon.jpg\" alt=\"\" class=\"wp-image-355\" srcset=\"https:\/\/avsc13.fr\/site\/wp-content\/uploads\/2023\/04\/Visite-Museon.jpg 714w, https:\/\/avsc13.fr\/site\/wp-content\/uploads\/2023\/04\/Visite-Museon-241x300.jpg 241w\" sizes=\"auto, (max-width: 714px) 100vw, 714px\" \/><\/a><\/figure>\n<\/div>","protected":false},"excerpt":{"rendered":"<p>Ch\u00e8res Adh\u00e9rentes, Chers Adh\u00e9rents , Chers amis, VISITE DU MUSEON ARLATEN A ARLES, le samedi 18 f\u00e9vrier \u00e0 partir de 14h00 La visite devrait \u00eatre guid\u00e9e et comment\u00e9e 10 personnes minimun pour 1h30 de&#46;&#46;&#46;<\/p>\n","protected":false},"author":1,"featured_media":355,"comment_status":"closed","ping_status":"open","sticky":false,"template":"","format":"standard","meta":{"footnotes":""},"categories":[10],"tags":[],"class_list":["post-354","post","type-post","status-publish","format-standard","has-post-thumbnail","hentry","category-sorties"],"_links":{"self":[{"href":"https:\/\/avsc13.fr\/site\/wp-json\/wp\/v2\/posts\/354","targetHints":{"allow":["GET"]}}],"collection":[{"href":"https:\/\/avsc13.fr\/site\/wp-json\/wp\/v2\/posts"}],"about":[{"href":"https:\/\/avsc13.fr\/site\/wp-json\/wp\/v2\/types\/post"}],"author":[{"embeddable":true,"href":"https:\/\/avsc13.fr\/site\/wp-json\/wp\/v2\/users\/1"}],"replies":[{"embeddable":true,"href":"https:\/\/avsc13.fr\/site\/wp-json\/wp\/v2\/comments?post=354"}],"version-history":[{"count":1,"href":"https:\/\/avsc13.fr\/site\/wp-json\/wp\/v2\/posts\/354\/revisions"}],"predecessor-version":[{"id":356,"href":"https:\/\/avsc13.fr\/site\/wp-json\/wp\/v2\/posts\/354\/revisions\/356"}],"wp:featuredmedia":[{"embeddable":true,"href":"https:\/\/avsc13.fr\/site\/wp-json\/wp\/v2\/media\/355"}],"wp:attachment":[{"href":"https:\/\/avsc13.fr\/site\/wp-json\/wp\/v2\/media?parent=354"}],"wp:term":[{"taxonomy":"category","embeddable":true,"href":"https:\/\/avsc13.fr\/site\/wp-json\/wp\/v2\/categories?post=354"},{"taxonomy":"post_tag","embeddable":true,"href":"https:\/\/avsc13.fr\/site\/wp-json\/wp\/v2\/tags?post=354"}],"curies":[{"name":"wp","href":"https:\/\/api.w.org\/{rel}","templated":true}]}}