{"id":357,"date":"2023-01-21T17:43:00","date_gmt":"2023-01-21T16:43:00","guid":{"rendered":"https:\/\/avsc13.fr\/site\/?p=357"},"modified":"2023-04-15T17:51:15","modified_gmt":"2023-04-15T16:51:15","slug":"association-inauguration-de-notre-local","status":"publish","type":"post","link":"https:\/\/avsc13.fr\/site\/association-inauguration-de-notre-local\/","title":{"rendered":"[ASSOCIATION] Inauguration de notre local"},"content":{"rendered":"\n<p>Les Amis du Vieux Saint-Chamas auront le plaisir de vous accueillir le samedi 21 janvier 2023 \u00e0 10h00 pour partager un pot de l&rsquo;amiti\u00e9 \u00e0 l&rsquo;occasion de l&rsquo;inauguration de notre nouveau local au Parc de la Poudrerie, rue Auguste Fabre, \u00e0 Saint-Chamas.<\/p>\n\n\n\n<figure class=\"wp-block-gallery has-nested-images columns-default is-cropped wp-block-gallery-1 is-layout-flex wp-block-gallery-is-layout-flex\">\n<figure class=\"wp-block-image size-large\"><a href=\"https:\/\/avsc13.fr\/site\/wp-content\/uploads\/2023\/04\/327754480_564080879072483_4701720719967517049_n.jpg\"><img loading=\"lazy\" decoding=\"async\" width=\"1024\" height=\"768\" data-id=\"359\" src=\"https:\/\/avsc13.fr\/site\/wp-content\/uploads\/2023\/04\/327754480_564080879072483_4701720719967517049_n-1024x768.jpg\" alt=\"\" class=\"wp-image-359\" srcset=\"https:\/\/avsc13.fr\/site\/wp-content\/uploads\/2023\/04\/327754480_564080879072483_4701720719967517049_n-1024x768.jpg 1024w, https:\/\/avsc13.fr\/site\/wp-content\/uploads\/2023\/04\/327754480_564080879072483_4701720719967517049_n-300x225.jpg 300w, https:\/\/avsc13.fr\/site\/wp-content\/uploads\/2023\/04\/327754480_564080879072483_4701720719967517049_n-768x576.jpg 768w, https:\/\/avsc13.fr\/site\/wp-content\/uploads\/2023\/04\/327754480_564080879072483_4701720719967517049_n-1536x1152.jpg 1536w, https:\/\/avsc13.fr\/site\/wp-content\/uploads\/2023\/04\/327754480_564080879072483_4701720719967517049_n.jpg 1728w\" sizes=\"auto, (max-width: 1024px) 100vw, 1024px\" \/><\/a><\/figure>\n\n\n\n<figure class=\"wp-block-image size-large\"><a href=\"https:\/\/avsc13.fr\/site\/wp-content\/uploads\/2023\/04\/327052702_1373564446805424_7610053828169838761_n.jpg\"><img loading=\"lazy\" decoding=\"async\" width=\"550\" height=\"1024\" data-id=\"360\" src=\"https:\/\/avsc13.fr\/site\/wp-content\/uploads\/2023\/04\/327052702_1373564446805424_7610053828169838761_n-550x1024.jpg\" alt=\"\" class=\"wp-image-360\" srcset=\"https:\/\/avsc13.fr\/site\/wp-content\/uploads\/2023\/04\/327052702_1373564446805424_7610053828169838761_n-550x1024.jpg 550w, https:\/\/avsc13.fr\/site\/wp-content\/uploads\/2023\/04\/327052702_1373564446805424_7610053828169838761_n-161x300.jpg 161w, https:\/\/avsc13.fr\/site\/wp-content\/uploads\/2023\/04\/327052702_1373564446805424_7610053828169838761_n-768x1430.jpg 768w, https:\/\/avsc13.fr\/site\/wp-content\/uploads\/2023\/04\/327052702_1373564446805424_7610053828169838761_n-825x1536.jpg 825w, https:\/\/avsc13.fr\/site\/wp-content\/uploads\/2023\/04\/327052702_1373564446805424_7610053828169838761_n.jpg 1100w\" sizes=\"auto, (max-width: 550px) 100vw, 550px\" \/><\/a><\/figure>\n<\/figure>\n\n\n\n<figure class=\"wp-block-image size-large\"><a href=\"https:\/\/avsc13.fr\/site\/wp-content\/uploads\/2023\/04\/326835741_6288828171128950_4671437660586618625_n.jpg\"><img loading=\"lazy\" decoding=\"async\" width=\"1024\" height=\"591\" src=\"https:\/\/avsc13.fr\/site\/wp-content\/uploads\/2023\/04\/326835741_6288828171128950_4671437660586618625_n-1024x591.jpg\" alt=\"\" class=\"wp-image-358\" srcset=\"https:\/\/avsc13.fr\/site\/wp-content\/uploads\/2023\/04\/326835741_6288828171128950_4671437660586618625_n-1024x591.jpg 1024w, https:\/\/avsc13.fr\/site\/wp-content\/uploads\/2023\/04\/326835741_6288828171128950_4671437660586618625_n-300x173.jpg 300w, https:\/\/avsc13.fr\/site\/wp-content\/uploads\/2023\/04\/326835741_6288828171128950_4671437660586618625_n-768x444.jpg 768w, https:\/\/avsc13.fr\/site\/wp-content\/uploads\/2023\/04\/326835741_6288828171128950_4671437660586618625_n-1536x887.jpg 1536w, https:\/\/avsc13.fr\/site\/wp-content\/uploads\/2023\/04\/326835741_6288828171128950_4671437660586618625_n.jpg 1626w\" sizes=\"auto, (max-width: 1024px) 100vw, 1024px\" \/><\/a><\/figure>\n","protected":false},"excerpt":{"rendered":"<p>Les Amis du Vieux Saint-Chamas auront le plaisir de vous accueillir le samedi 21 janvier 2023 \u00e0 10h00 pour partager un pot de l&rsquo;amiti\u00e9 \u00e0 l&rsquo;occasion de l&rsquo;inauguration de notre nouveau local au Parc&#46;&#46;&#46;<\/p>\n","protected":false},"author":1,"featured_media":358,"comment_status":"closed","ping_status":"open","sticky":false,"template":"","format":"standard","meta":{"footnotes":""},"categories":[3],"tags":[],"class_list":["post-357","post","type-post","status-publish","format-standard","has-post-thumbnail","hentry","category-association"],"_links":{"self":[{"href":"https:\/\/avsc13.fr\/site\/wp-json\/wp\/v2\/posts\/357","targetHints":{"allow":["GET"]}}],"collection":[{"href":"https:\/\/avsc13.fr\/site\/wp-json\/wp\/v2\/posts"}],"about":[{"href":"https:\/\/avsc13.fr\/site\/wp-json\/wp\/v2\/types\/post"}],"author":[{"embeddable":true,"href":"https:\/\/avsc13.fr\/site\/wp-json\/wp\/v2\/users\/1"}],"replies":[{"embeddable":true,"href":"https:\/\/avsc13.fr\/site\/wp-json\/wp\/v2\/comments?post=357"}],"version-history":[{"count":1,"href":"https:\/\/avsc13.fr\/site\/wp-json\/wp\/v2\/posts\/357\/revisions"}],"predecessor-version":[{"id":361,"href":"https:\/\/avsc13.fr\/site\/wp-json\/wp\/v2\/posts\/357\/revisions\/361"}],"wp:featuredmedia":[{"embeddable":true,"href":"https:\/\/avsc13.fr\/site\/wp-json\/wp\/v2\/media\/358"}],"wp:attachment":[{"href":"https:\/\/avsc13.fr\/site\/wp-json\/wp\/v2\/media?parent=357"}],"wp:term":[{"taxonomy":"category","embeddable":true,"href":"https:\/\/avsc13.fr\/site\/wp-json\/wp\/v2\/categories?post=357"},{"taxonomy":"post_tag","embeddable":true,"href":"https:\/\/avsc13.fr\/site\/wp-json\/wp\/v2\/tags?post=357"}],"curies":[{"name":"wp","href":"https:\/\/api.w.org\/{rel}","templated":true}]}}