{"id":504,"date":"2023-11-05T09:20:26","date_gmt":"2023-11-05T08:20:26","guid":{"rendered":"https:\/\/avsc13.fr\/site\/?p=504"},"modified":"2023-11-05T09:20:26","modified_gmt":"2023-11-05T08:20:26","slug":"exposition-jules-agard-1871-1943-artiste-paysan","status":"publish","type":"post","link":"https:\/\/avsc13.fr\/site\/exposition-jules-agard-1871-1943-artiste-paysan\/","title":{"rendered":"[EXPOSITION] Jules Agard (1871-1943), artiste paysan"},"content":{"rendered":"\n<p>Les Amis du Vieux Saint-Chamas ont l\u2019honneur de vous pr\u00e9senter une exposition au Mus\u00e9e Municipal Paul Lafran du 6 au 28 novembre 2023 avec les tableaux pr\u00e9sent\u00e9s par M. Cl\u00e9ment Moynault.<\/p>\n\n\n\n<p>En visite libre les lundis, mardis, jeudis et vendredis de 14h \u00e0 17h.<\/p>\n\n\n\n<p>Ouverture exceptionnelle le dimanche 12 novembre et dimanche 19 novembre de 14h \u00e0 17h.<\/p>\n\n\n\n<p>Des grandes expositions au Grand Palais \u00e0 la peinture de l&rsquo;arri\u00e8re-pays proven\u00e7al, Jules Agard (1871-1943) eut la carri\u00e8re d&rsquo;un artiste complet. La sculpture et la peinture se rencontr\u00e8rent en lui, et le dot\u00e8rent d&rsquo;un rapport aux volumes et \u00e0 la lumi\u00e8re qui firent son succ\u00e8s en tant que peintre paysagiste.<\/p>\n\n\n\n<p>Alt\u00e9r\u00e9 par la Grande Guerre, Agard immortalisa la Provence rurale, ses paysans pauvres, ses gitans, ses paysages en p\u00e9ril, jusqu&rsquo;\u00e0 sa mort en 1943. Sur d&rsquo;innombrables huiles sur panneaux, s&rsquo;\u00e9tale une mosa\u00efque du terroir de jadis, de cours de mas, de ruelles de villages perch\u00e9s, de sc\u00e8nes du travail des champs.<\/p>\n\n\n\n<p>Ce monde m\u00e9connaissable, qui est pourtant le n\u00f4tre, retrouvons-le \u00e0 pr\u00e9sent, \u00e0 l&rsquo;occasion des 80 ans de la mort de l&rsquo;artiste.<\/p>\n\n\n<div class=\"wp-block-image\">\n<figure class=\"aligncenter size-large\"><a href=\"https:\/\/avsc13.fr\/site\/wp-content\/uploads\/2023\/11\/393813480_704114788409171_2763873546044651986_n.jpg\"><img loading=\"lazy\" decoding=\"async\" width=\"724\" height=\"1024\" src=\"https:\/\/avsc13.fr\/site\/wp-content\/uploads\/2023\/11\/393813480_704114788409171_2763873546044651986_n-724x1024.jpg\" alt=\"\" class=\"wp-image-505\" srcset=\"https:\/\/avsc13.fr\/site\/wp-content\/uploads\/2023\/11\/393813480_704114788409171_2763873546044651986_n-724x1024.jpg 724w, https:\/\/avsc13.fr\/site\/wp-content\/uploads\/2023\/11\/393813480_704114788409171_2763873546044651986_n-212x300.jpg 212w, https:\/\/avsc13.fr\/site\/wp-content\/uploads\/2023\/11\/393813480_704114788409171_2763873546044651986_n-768x1086.jpg 768w, https:\/\/avsc13.fr\/site\/wp-content\/uploads\/2023\/11\/393813480_704114788409171_2763873546044651986_n-1086x1536.jpg 1086w, https:\/\/avsc13.fr\/site\/wp-content\/uploads\/2023\/11\/393813480_704114788409171_2763873546044651986_n.jpg 1448w\" sizes=\"auto, (max-width: 724px) 100vw, 724px\" \/><\/a><\/figure>\n<\/div>","protected":false},"excerpt":{"rendered":"<p>Les Amis du Vieux Saint-Chamas ont l\u2019honneur de vous pr\u00e9senter une exposition au Mus\u00e9e Municipal Paul Lafran du 6 au 28 novembre 2023 avec les tableaux pr\u00e9sent\u00e9s par M. Cl\u00e9ment Moynault. En visite libre&#46;&#46;&#46;<\/p>\n","protected":false},"author":1,"featured_media":505,"comment_status":"closed","ping_status":"open","sticky":false,"template":"","format":"standard","meta":{"footnotes":""},"categories":[5],"tags":[],"class_list":["post-504","post","type-post","status-publish","format-standard","has-post-thumbnail","hentry","category-exposition"],"_links":{"self":[{"href":"https:\/\/avsc13.fr\/site\/wp-json\/wp\/v2\/posts\/504","targetHints":{"allow":["GET"]}}],"collection":[{"href":"https:\/\/avsc13.fr\/site\/wp-json\/wp\/v2\/posts"}],"about":[{"href":"https:\/\/avsc13.fr\/site\/wp-json\/wp\/v2\/types\/post"}],"author":[{"embeddable":true,"href":"https:\/\/avsc13.fr\/site\/wp-json\/wp\/v2\/users\/1"}],"replies":[{"embeddable":true,"href":"https:\/\/avsc13.fr\/site\/wp-json\/wp\/v2\/comments?post=504"}],"version-history":[{"count":1,"href":"https:\/\/avsc13.fr\/site\/wp-json\/wp\/v2\/posts\/504\/revisions"}],"predecessor-version":[{"id":506,"href":"https:\/\/avsc13.fr\/site\/wp-json\/wp\/v2\/posts\/504\/revisions\/506"}],"wp:featuredmedia":[{"embeddable":true,"href":"https:\/\/avsc13.fr\/site\/wp-json\/wp\/v2\/media\/505"}],"wp:attachment":[{"href":"https:\/\/avsc13.fr\/site\/wp-json\/wp\/v2\/media?parent=504"}],"wp:term":[{"taxonomy":"category","embeddable":true,"href":"https:\/\/avsc13.fr\/site\/wp-json\/wp\/v2\/categories?post=504"},{"taxonomy":"post_tag","embeddable":true,"href":"https:\/\/avsc13.fr\/site\/wp-json\/wp\/v2\/tags?post=504"}],"curies":[{"name":"wp","href":"https:\/\/api.w.org\/{rel}","templated":true}]}}