{"id":508,"date":"2024-04-02T08:32:03","date_gmt":"2024-04-02T07:32:03","guid":{"rendered":"https:\/\/avsc13.fr\/site\/?p=508"},"modified":"2024-04-02T08:33:29","modified_gmt":"2024-04-02T07:33:29","slug":"exposition-photos-impressionnistes-dici-et-dailleurs","status":"publish","type":"post","link":"https:\/\/avsc13.fr\/site\/exposition-photos-impressionnistes-dici-et-dailleurs\/","title":{"rendered":"[EXPOSITION] Photos impressionnistes d&rsquo;ici et d&rsquo;ailleurs"},"content":{"rendered":"\n<p>Les Amis du Vieux Saint-Chamas ont l\u2019honneur de vous pr\u00e9senter une exposition au Mus\u00e9e Municipal Paul Lafran du 4 au 26 avril 2024 avec les \u0153uvres de Mme Pauline Fournier.<\/p>\n\n\n\n<p>En visite libre les lundis, mardis, jeudis et vendredis de 14h \u00e0 17h.<\/p>\n\n\n\n<p>Ouverture exceptionnelle le samedi 20 avril 2024 de 10h00 \u00e0 12h00 et de 15h00 \u00e0 18h00.<\/p>\n\n\n\n<p>Je m\u2019inspire des peintres impressionnistes du XIX<sup>e<\/sup>\u00a0si\u00e8cle tels Renoir, C\u00e9zanne, Monet et m\u00eame Turner pour cr\u00e9er mes \u0153uvres \u00e0 la fronti\u00e8re entre photographie et peinture.\u00a0Le spectateur est souvent troubl\u00e9. Au premier regard, il pense qu\u2019il s\u2019agit d\u2019une peinture. Puis, en s\u2019approchant, en scrutant, il d\u00e9couvre surpris, interrogateur que ce qu\u2019il voit est une photographie. Je n\u2019utilise pas de filtre, ni l\u2019intelligence artificielle.<\/p>\n\n\n<div class=\"wp-block-image\">\n<figure class=\"aligncenter size-large\"><a href=\"https:\/\/avsc13.fr\/site\/wp-content\/uploads\/2024\/04\/434135436_793171389503510_1095059402075167138_n.jpg\"><img loading=\"lazy\" decoding=\"async\" width=\"732\" height=\"1024\" src=\"https:\/\/avsc13.fr\/site\/wp-content\/uploads\/2024\/04\/434135436_793171389503510_1095059402075167138_n-732x1024.jpg\" alt=\"\" class=\"wp-image-509\" srcset=\"https:\/\/avsc13.fr\/site\/wp-content\/uploads\/2024\/04\/434135436_793171389503510_1095059402075167138_n-732x1024.jpg 732w, https:\/\/avsc13.fr\/site\/wp-content\/uploads\/2024\/04\/434135436_793171389503510_1095059402075167138_n-214x300.jpg 214w, https:\/\/avsc13.fr\/site\/wp-content\/uploads\/2024\/04\/434135436_793171389503510_1095059402075167138_n-768x1075.jpg 768w, https:\/\/avsc13.fr\/site\/wp-content\/uploads\/2024\/04\/434135436_793171389503510_1095059402075167138_n-1097x1536.jpg 1097w, https:\/\/avsc13.fr\/site\/wp-content\/uploads\/2024\/04\/434135436_793171389503510_1095059402075167138_n.jpg 1463w\" sizes=\"auto, (max-width: 732px) 100vw, 732px\" \/><\/a><\/figure>\n<\/div>\n\n\n<p><\/p>\n","protected":false},"excerpt":{"rendered":"<p>Les Amis du Vieux Saint-Chamas ont l\u2019honneur de vous pr\u00e9senter une exposition au Mus\u00e9e Municipal Paul Lafran du 4 au 26 avril 2024 avec les \u0153uvres de Mme Pauline Fournier. En visite libre les&#46;&#46;&#46;<\/p>\n","protected":false},"author":1,"featured_media":509,"comment_status":"closed","ping_status":"open","sticky":false,"template":"","format":"standard","meta":{"footnotes":""},"categories":[5],"tags":[],"class_list":["post-508","post","type-post","status-publish","format-standard","has-post-thumbnail","hentry","category-exposition"],"_links":{"self":[{"href":"https:\/\/avsc13.fr\/site\/wp-json\/wp\/v2\/posts\/508","targetHints":{"allow":["GET"]}}],"collection":[{"href":"https:\/\/avsc13.fr\/site\/wp-json\/wp\/v2\/posts"}],"about":[{"href":"https:\/\/avsc13.fr\/site\/wp-json\/wp\/v2\/types\/post"}],"author":[{"embeddable":true,"href":"https:\/\/avsc13.fr\/site\/wp-json\/wp\/v2\/users\/1"}],"replies":[{"embeddable":true,"href":"https:\/\/avsc13.fr\/site\/wp-json\/wp\/v2\/comments?post=508"}],"version-history":[{"count":1,"href":"https:\/\/avsc13.fr\/site\/wp-json\/wp\/v2\/posts\/508\/revisions"}],"predecessor-version":[{"id":510,"href":"https:\/\/avsc13.fr\/site\/wp-json\/wp\/v2\/posts\/508\/revisions\/510"}],"wp:featuredmedia":[{"embeddable":true,"href":"https:\/\/avsc13.fr\/site\/wp-json\/wp\/v2\/media\/509"}],"wp:attachment":[{"href":"https:\/\/avsc13.fr\/site\/wp-json\/wp\/v2\/media?parent=508"}],"wp:term":[{"taxonomy":"category","embeddable":true,"href":"https:\/\/avsc13.fr\/site\/wp-json\/wp\/v2\/categories?post=508"},{"taxonomy":"post_tag","embeddable":true,"href":"https:\/\/avsc13.fr\/site\/wp-json\/wp\/v2\/tags?post=508"}],"curies":[{"name":"wp","href":"https:\/\/api.w.org\/{rel}","templated":true}]}}