{"id":514,"date":"2024-04-03T10:58:04","date_gmt":"2024-04-03T09:58:04","guid":{"rendered":"https:\/\/avsc13.fr\/site\/?p=514"},"modified":"2024-04-03T11:06:20","modified_gmt":"2024-04-03T10:06:20","slug":"conference-1ere-rencontre-historique-de-saint-chamas","status":"publish","type":"post","link":"https:\/\/avsc13.fr\/site\/conference-1ere-rencontre-historique-de-saint-chamas\/","title":{"rendered":"[CONFERENCE] 1\u00e8re Rencontre Historique de Saint-Chamas"},"content":{"rendered":"\n<p>Les <strong>1\u00e8re Rencontre Historique de Saint-Chamas<\/strong>, organis\u00e9es conjointement par les Amis du Vieux Saint-Chamas et ID M\u00e9diterran\u00e9e se d\u00e9rouleront le samedi 20 avril 2024, de 08h30 \u00e0 18h00, \u00e0 la Salle Municipale, 13 avenue des 53, 13250 Saint-Chamas. Entr\u00e9e libre et gratuite.<\/p>\n\n\n\n<p><strong>Programme de la matin\u00e9e<\/strong><\/p>\n\n\n\n<p>08h30 : D\u00e9but de l&rsquo;accueil du public avec caf\u00e9 et viennoiseries<\/p>\n\n\n\n<p>08h50 : Ouverture et pr\u00e9sentation des 1\u00e8re Rencontre Historique de Saint-Chamas<\/p>\n\n\n\n<p>09h00 : 1\u00e8re conf\u00e9rence, <em>De Constantine \u00e0 Miramas, la naissance d&rsquo;une ville<\/em>, par S\u00e9bastien Avy.<\/p>\n\n\n\n<p>10h30 : 2e conf\u00e9rence, <em>Jean Rambaud, corsaire de Saint-Chamas<\/em>, par Jean-Paul Levet.<\/p>\n\n\n\n<p><strong>Pause de midi<\/strong><\/p>\n\n\n\n<p>12h15 : Repas pris en commun sur r\u00e9servation au restaurant du Champ de Mars, place du Champ de Mars, 13250 Saint-Chamas<\/p>\n\n\n\n<div class=\"wp-block-group\"><div class=\"wp-block-group__inner-container is-layout-constrained wp-block-group-is-layout-constrained\">\n<div data-wp-interactive=\"core\/file\" class=\"wp-block-file aligncenter\"><object data-wp-bind--hidden=\"!state.hasPdfPreview\" hidden class=\"wp-block-file__embed\" data=\"https:\/\/avsc13.fr\/site\/wp-content\/uploads\/2024\/04\/AVSC-inscription-repas.pdf\" type=\"application\/pdf\" style=\"width:100%;height:600px\" aria-label=\"Contenu embarqu\u00e9 AVSC-inscription-repas.\"><\/object><a id=\"wp-block-file--media-baae8328-5bb6-46ea-93dd-95b00a38d75f\" href=\"https:\/\/avsc13.fr\/site\/wp-content\/uploads\/2024\/04\/AVSC-inscription-repas.pdf\">AVSC-inscription-repas<\/a><a href=\"https:\/\/avsc13.fr\/site\/wp-content\/uploads\/2024\/04\/AVSC-inscription-repas.pdf\" class=\"wp-block-file__button wp-element-button\" download aria-describedby=\"wp-block-file--media-baae8328-5bb6-46ea-93dd-95b00a38d75f\">T\u00e9l\u00e9charger<\/a><\/div>\n<\/div><\/div>\n\n\n\n<p><strong>Programme de l&rsquo;apr\u00e8s-midi<\/strong><\/p>\n\n\n\n<p>14h00 : 3e conf\u00e9rence, <em>C\u00e9sar de Nostradamus, premier historien de Provence<\/em>, par Cl\u00e9ment Moynault.<\/p>\n\n\n\n<p>15h35 : 4e conf\u00e9rence, <em>Quelques moments d&rsquo;a\u00e9ronautique \u00e0 Saint-Chamas<\/em>, par Michel Augier.<\/p>\n\n\n\n<p>17h00 : Cl\u00f4ture des rencontres et vin d&rsquo;honneur. Questions et remerciements.<\/p>\n\n\n\n<p><strong>Programme de la soir\u00e9e<\/strong><\/p>\n\n\n\n<p>20h30 : <em>Quand je serai grand je veux \u00eatre&#8230; Van Gogh<\/em>, spectacle de M. Yann Le Corre, \u00e0 la Salle Municipale, 13 avenue des 53, 13250 Saint-Chamas. Tarif : 15 \u20ac par personne. Gratuit pour les moins de 18 ans.<\/p>\n\n\n\n<p>Un homme veut changer de vie et devenir artiste, mais quel art choisir et comment y parvenir ? Tr\u00e8s vite, en s&rsquo;inspirant des lettres que Vincent a \u00e9crit \u00e0 son fr\u00e8re Th\u00e9o Van Gogh, il va d\u00e9couvrir un chemin mais voudra t-il le suivre jusqu&rsquo;au bout ? Cette exploration de la correspondance entre Vincent Van Gogh et son fr\u00e8re cadet principalement nous donnera au passage une le\u00e7on d&rsquo;art pictural, d&rsquo;engagement artistique total, d&rsquo;abn\u00e9gation, de philosophie, de po\u00e9sie mais pas de vie\u2026 Ces enseignements du peintre le plus cher et le plus pauvre valent de l&rsquo;or d&rsquo;autant plus qu&rsquo;ils ont \u00e9t\u00e9 tr\u00e8s ch\u00e8rement pay\u00e9s\u2026<\/p>\n\n\n<div class=\"wp-block-image\">\n<figure class=\"aligncenter size-large\"><a href=\"https:\/\/avsc13.fr\/site\/wp-content\/uploads\/2024\/04\/AVSC-spectacle.jpg\"><img loading=\"lazy\" decoding=\"async\" width=\"724\" height=\"1024\" src=\"https:\/\/avsc13.fr\/site\/wp-content\/uploads\/2024\/04\/AVSC-spectacle-724x1024.jpg\" alt=\"\" class=\"wp-image-521\" srcset=\"https:\/\/avsc13.fr\/site\/wp-content\/uploads\/2024\/04\/AVSC-spectacle-724x1024.jpg 724w, https:\/\/avsc13.fr\/site\/wp-content\/uploads\/2024\/04\/AVSC-spectacle-212x300.jpg 212w, https:\/\/avsc13.fr\/site\/wp-content\/uploads\/2024\/04\/AVSC-spectacle-768x1086.jpg 768w, https:\/\/avsc13.fr\/site\/wp-content\/uploads\/2024\/04\/AVSC-spectacle.jpg 875w\" sizes=\"auto, (max-width: 724px) 100vw, 724px\" \/><\/a><\/figure>\n<\/div>","protected":false},"excerpt":{"rendered":"<p>Les 1\u00e8re Rencontre Historique de Saint-Chamas, organis\u00e9es conjointement par les Amis du Vieux Saint-Chamas et ID M\u00e9diterran\u00e9e se d\u00e9rouleront le samedi 20 avril 2024, de 08h30 \u00e0 18h00, \u00e0 la Salle Municipale, 13 avenue&#46;&#46;&#46;<\/p>\n","protected":false},"author":1,"featured_media":528,"comment_status":"closed","ping_status":"open","sticky":false,"template":"","format":"standard","meta":{"footnotes":""},"categories":[4],"tags":[],"class_list":["post-514","post","type-post","status-publish","format-standard","has-post-thumbnail","hentry","category-conferences"],"_links":{"self":[{"href":"https:\/\/avsc13.fr\/site\/wp-json\/wp\/v2\/posts\/514","targetHints":{"allow":["GET"]}}],"collection":[{"href":"https:\/\/avsc13.fr\/site\/wp-json\/wp\/v2\/posts"}],"about":[{"href":"https:\/\/avsc13.fr\/site\/wp-json\/wp\/v2\/types\/post"}],"author":[{"embeddable":true,"href":"https:\/\/avsc13.fr\/site\/wp-json\/wp\/v2\/users\/1"}],"replies":[{"embeddable":true,"href":"https:\/\/avsc13.fr\/site\/wp-json\/wp\/v2\/comments?post=514"}],"version-history":[{"count":12,"href":"https:\/\/avsc13.fr\/site\/wp-json\/wp\/v2\/posts\/514\/revisions"}],"predecessor-version":[{"id":530,"href":"https:\/\/avsc13.fr\/site\/wp-json\/wp\/v2\/posts\/514\/revisions\/530"}],"wp:featuredmedia":[{"embeddable":true,"href":"https:\/\/avsc13.fr\/site\/wp-json\/wp\/v2\/media\/528"}],"wp:attachment":[{"href":"https:\/\/avsc13.fr\/site\/wp-json\/wp\/v2\/media?parent=514"}],"wp:term":[{"taxonomy":"category","embeddable":true,"href":"https:\/\/avsc13.fr\/site\/wp-json\/wp\/v2\/categories?post=514"},{"taxonomy":"post_tag","embeddable":true,"href":"https:\/\/avsc13.fr\/site\/wp-json\/wp\/v2\/tags?post=514"}],"curies":[{"name":"wp","href":"https:\/\/api.w.org\/{rel}","templated":true}]}}