{"id":532,"date":"2024-08-31T15:30:01","date_gmt":"2024-08-31T14:30:01","guid":{"rendered":"https:\/\/avsc13.fr\/site\/?p=532"},"modified":"2024-08-31T15:31:48","modified_gmt":"2024-08-31T14:31:48","slug":"association-journee-des-associations-7-septembre-2024","status":"publish","type":"post","link":"https:\/\/avsc13.fr\/site\/association-journee-des-associations-7-septembre-2024\/","title":{"rendered":"[ASSOCIATION] Journ\u00e9e des Associations"},"content":{"rendered":"\n<p class=\"has-light-green-cyan-background-color has-background\">Vous pourrez venir nous rencontrer sur le stand des Amis du Vieux Saint-Chamas lors de la Journ\u00e9e des Associations de Saint-Chamas, le samedi 7 septembre 2024, de 10h00 \u00e0 17h00, au Th\u00e9\u00e2tre de Verdure. <\/p>\n\n\n<div class=\"wp-block-image\">\n<figure class=\"aligncenter size-large\"><a href=\"https:\/\/avsc13.fr\/site\/wp-content\/uploads\/2024\/08\/2024-09-07-journee-des-associations-affiche-A3.jpg\"><img loading=\"lazy\" decoding=\"async\" width=\"724\" height=\"1024\" src=\"https:\/\/avsc13.fr\/site\/wp-content\/uploads\/2024\/08\/2024-09-07-journee-des-associations-affiche-A3-724x1024.jpg\" alt=\"\" class=\"wp-image-533\" srcset=\"https:\/\/avsc13.fr\/site\/wp-content\/uploads\/2024\/08\/2024-09-07-journee-des-associations-affiche-A3-724x1024.jpg 724w, https:\/\/avsc13.fr\/site\/wp-content\/uploads\/2024\/08\/2024-09-07-journee-des-associations-affiche-A3-212x300.jpg 212w, https:\/\/avsc13.fr\/site\/wp-content\/uploads\/2024\/08\/2024-09-07-journee-des-associations-affiche-A3.jpg 764w\" sizes=\"auto, (max-width: 724px) 100vw, 724px\" \/><\/a><\/figure>\n<\/div>","protected":false},"excerpt":{"rendered":"<p>Vous pourrez venir nous rencontrer sur le stand des Amis du Vieux Saint-Chamas lors de la Journ\u00e9e des Associations de Saint-Chamas, le samedi 7 septembre 2024, de 10h00 \u00e0 17h00, au Th\u00e9\u00e2tre de Verdure.<\/p>\n","protected":false},"author":1,"featured_media":533,"comment_status":"closed","ping_status":"open","sticky":false,"template":"","format":"standard","meta":{"footnotes":""},"categories":[3],"tags":[],"class_list":["post-532","post","type-post","status-publish","format-standard","has-post-thumbnail","hentry","category-association"],"_links":{"self":[{"href":"https:\/\/avsc13.fr\/site\/wp-json\/wp\/v2\/posts\/532","targetHints":{"allow":["GET"]}}],"collection":[{"href":"https:\/\/avsc13.fr\/site\/wp-json\/wp\/v2\/posts"}],"about":[{"href":"https:\/\/avsc13.fr\/site\/wp-json\/wp\/v2\/types\/post"}],"author":[{"embeddable":true,"href":"https:\/\/avsc13.fr\/site\/wp-json\/wp\/v2\/users\/1"}],"replies":[{"embeddable":true,"href":"https:\/\/avsc13.fr\/site\/wp-json\/wp\/v2\/comments?post=532"}],"version-history":[{"count":2,"href":"https:\/\/avsc13.fr\/site\/wp-json\/wp\/v2\/posts\/532\/revisions"}],"predecessor-version":[{"id":535,"href":"https:\/\/avsc13.fr\/site\/wp-json\/wp\/v2\/posts\/532\/revisions\/535"}],"wp:featuredmedia":[{"embeddable":true,"href":"https:\/\/avsc13.fr\/site\/wp-json\/wp\/v2\/media\/533"}],"wp:attachment":[{"href":"https:\/\/avsc13.fr\/site\/wp-json\/wp\/v2\/media?parent=532"}],"wp:term":[{"taxonomy":"category","embeddable":true,"href":"https:\/\/avsc13.fr\/site\/wp-json\/wp\/v2\/categories?post=532"},{"taxonomy":"post_tag","embeddable":true,"href":"https:\/\/avsc13.fr\/site\/wp-json\/wp\/v2\/tags?post=532"}],"curies":[{"name":"wp","href":"https:\/\/api.w.org\/{rel}","templated":true}]}}