{"id":536,"date":"2024-09-07T11:00:00","date_gmt":"2024-09-07T10:00:00","guid":{"rendered":"https:\/\/avsc13.fr\/site\/?p=536"},"modified":"2024-08-31T15:44:02","modified_gmt":"2024-08-31T14:44:02","slug":"conference-les-100-ans-de-lautodrome-de-miramas","status":"publish","type":"post","link":"https:\/\/avsc13.fr\/site\/conference-les-100-ans-de-lautodrome-de-miramas\/","title":{"rendered":"[CONFERENCE] Les 100 ans de l&rsquo;Autodrome de Miramas"},"content":{"rendered":"\n<p class=\"has-black-color has-pale-cyan-blue-background-color has-text-color has-background has-link-color wp-elements-5e42f4d5b4f108373d53d15bd85769aa\">Les Amis du Vieux Saint-Chamas ont le plaisir de vous convier \u00e0 une conf\u00e9rence organis\u00e9e par la M\u00e9diath\u00e8que intercommunale Ouest-Provence, \u00e0 l&rsquo;auditorium de la M\u00e9diath\u00e8que de Miramas, le mardi 17 septembre 2024 \u00e0 17h30, intitul\u00e9e \u00ab <strong>Les 100 ans de l&rsquo;Autodrome de Miramas<\/strong> \u00bb, anim\u00e9e par S\u00e9bastien Avy, membre des AVSC, historien local.<\/p>\n\n\n<div class=\"wp-block-image\">\n<figure class=\"aligncenter size-large\"><a href=\"https:\/\/avsc13.fr\/site\/wp-content\/uploads\/2024\/08\/457246230_2230397213971099_6812221646262439436_n.jpg\"><img loading=\"lazy\" decoding=\"async\" width=\"1024\" height=\"724\" src=\"https:\/\/avsc13.fr\/site\/wp-content\/uploads\/2024\/08\/457246230_2230397213971099_6812221646262439436_n-1024x724.jpg\" alt=\"\" class=\"wp-image-538\" srcset=\"https:\/\/avsc13.fr\/site\/wp-content\/uploads\/2024\/08\/457246230_2230397213971099_6812221646262439436_n-1024x724.jpg 1024w, https:\/\/avsc13.fr\/site\/wp-content\/uploads\/2024\/08\/457246230_2230397213971099_6812221646262439436_n-300x212.jpg 300w, https:\/\/avsc13.fr\/site\/wp-content\/uploads\/2024\/08\/457246230_2230397213971099_6812221646262439436_n-768x543.jpg 768w, https:\/\/avsc13.fr\/site\/wp-content\/uploads\/2024\/08\/457246230_2230397213971099_6812221646262439436_n-1536x1086.jpg 1536w, https:\/\/avsc13.fr\/site\/wp-content\/uploads\/2024\/08\/457246230_2230397213971099_6812221646262439436_n.jpg 2048w\" sizes=\"auto, (max-width: 1024px) 100vw, 1024px\" \/><\/a><\/figure>\n<\/div>","protected":false},"excerpt":{"rendered":"<p>Les Amis du Vieux Saint-Chamas ont le plaisir de vous convier \u00e0 une conf\u00e9rence organis\u00e9e par la M\u00e9diath\u00e8que intercommunale Ouest-Provence, \u00e0 l&rsquo;auditorium de la M\u00e9diath\u00e8que de Miramas, le mardi 17 septembre 2024 \u00e0 17h30,&#46;&#46;&#46;<\/p>\n","protected":false},"author":1,"featured_media":539,"comment_status":"closed","ping_status":"open","sticky":false,"template":"","format":"standard","meta":{"footnotes":""},"categories":[4],"tags":[],"class_list":["post-536","post","type-post","status-publish","format-standard","has-post-thumbnail","hentry","category-conferences"],"_links":{"self":[{"href":"https:\/\/avsc13.fr\/site\/wp-json\/wp\/v2\/posts\/536","targetHints":{"allow":["GET"]}}],"collection":[{"href":"https:\/\/avsc13.fr\/site\/wp-json\/wp\/v2\/posts"}],"about":[{"href":"https:\/\/avsc13.fr\/site\/wp-json\/wp\/v2\/types\/post"}],"author":[{"embeddable":true,"href":"https:\/\/avsc13.fr\/site\/wp-json\/wp\/v2\/users\/1"}],"replies":[{"embeddable":true,"href":"https:\/\/avsc13.fr\/site\/wp-json\/wp\/v2\/comments?post=536"}],"version-history":[{"count":2,"href":"https:\/\/avsc13.fr\/site\/wp-json\/wp\/v2\/posts\/536\/revisions"}],"predecessor-version":[{"id":540,"href":"https:\/\/avsc13.fr\/site\/wp-json\/wp\/v2\/posts\/536\/revisions\/540"}],"wp:featuredmedia":[{"embeddable":true,"href":"https:\/\/avsc13.fr\/site\/wp-json\/wp\/v2\/media\/539"}],"wp:attachment":[{"href":"https:\/\/avsc13.fr\/site\/wp-json\/wp\/v2\/media?parent=536"}],"wp:term":[{"taxonomy":"category","embeddable":true,"href":"https:\/\/avsc13.fr\/site\/wp-json\/wp\/v2\/categories?post=536"},{"taxonomy":"post_tag","embeddable":true,"href":"https:\/\/avsc13.fr\/site\/wp-json\/wp\/v2\/tags?post=536"}],"curies":[{"name":"wp","href":"https:\/\/api.w.org\/{rel}","templated":true}]}}