{"id":748,"date":"2025-03-12T20:29:15","date_gmt":"2025-03-12T19:29:15","guid":{"rendered":"https:\/\/avsc13.fr\/site\/?p=748"},"modified":"2025-03-12T20:29:16","modified_gmt":"2025-03-12T19:29:16","slug":"conference-1945-1970-anciens-nazis-et-aeronautique-francaise","status":"publish","type":"post","link":"https:\/\/avsc13.fr\/site\/conference-1945-1970-anciens-nazis-et-aeronautique-francaise\/","title":{"rendered":"[CONFERENCE] 1945-1970, Anciens Nazis et A\u00e9ronautique fran\u00e7aise"},"content":{"rendered":"\n<p>Les Amis du Vieux Saint-Chamas ont le plaisir de vous proposer une conf\u00e9rence \u00e0 la M\u00e9diath\u00e8que de Saint-Chamas le jeudi 13 mars 2025 \u00e0 17h30, intitul\u00e9e \u00ab <strong>1945-1970, Anciens Nazis et A\u00e9ronautique fran\u00e7aise<\/strong> \u00bb, anim\u00e9e par Robert Strozzi, membre de l&rsquo;association Les Amis du Vieil Istres.<\/p>\n\n\n\n<p class=\"has-text-align-center has-vivid-red-color has-text-color has-link-color wp-elements-3d06f1bd4cf95e9d83b15ec5524e3182\"><strong>ENTREE LIBRE ET GRATUITE<\/strong><\/p>\n\n\n<div class=\"wp-block-image\">\n<figure class=\"aligncenter size-large\"><a href=\"https:\/\/avsc13.fr\/site\/wp-content\/uploads\/2025\/03\/AVSC_CONFERENCE_MARS2025_pages-to-jpg-0001.jpg\"><img loading=\"lazy\" decoding=\"async\" width=\"724\" height=\"1024\" src=\"https:\/\/avsc13.fr\/site\/wp-content\/uploads\/2025\/03\/AVSC_CONFERENCE_MARS2025_pages-to-jpg-0001-724x1024.jpg\" alt=\"\" class=\"wp-image-749\" srcset=\"https:\/\/avsc13.fr\/site\/wp-content\/uploads\/2025\/03\/AVSC_CONFERENCE_MARS2025_pages-to-jpg-0001-724x1024.jpg 724w, https:\/\/avsc13.fr\/site\/wp-content\/uploads\/2025\/03\/AVSC_CONFERENCE_MARS2025_pages-to-jpg-0001-212x300.jpg 212w, https:\/\/avsc13.fr\/site\/wp-content\/uploads\/2025\/03\/AVSC_CONFERENCE_MARS2025_pages-to-jpg-0001-768x1086.jpg 768w, https:\/\/avsc13.fr\/site\/wp-content\/uploads\/2025\/03\/AVSC_CONFERENCE_MARS2025_pages-to-jpg-0001-1086x1536.jpg 1086w, https:\/\/avsc13.fr\/site\/wp-content\/uploads\/2025\/03\/AVSC_CONFERENCE_MARS2025_pages-to-jpg-0001.jpg 1241w\" sizes=\"auto, (max-width: 724px) 100vw, 724px\" \/><\/a><\/figure>\n<\/div>","protected":false},"excerpt":{"rendered":"<p>Les Amis du Vieux Saint-Chamas ont le plaisir de vous proposer une conf\u00e9rence \u00e0 la M\u00e9diath\u00e8que de Saint-Chamas le jeudi 13 mars 2025 \u00e0 17h30, intitul\u00e9e \u00ab 1945-1970, Anciens Nazis et A\u00e9ronautique fran\u00e7aise \u00bb,&#46;&#46;&#46;<\/p>\n","protected":false},"author":1,"featured_media":749,"comment_status":"closed","ping_status":"open","sticky":false,"template":"","format":"standard","meta":{"footnotes":""},"categories":[4],"tags":[],"class_list":["post-748","post","type-post","status-publish","format-standard","has-post-thumbnail","hentry","category-conferences"],"_links":{"self":[{"href":"https:\/\/avsc13.fr\/site\/wp-json\/wp\/v2\/posts\/748","targetHints":{"allow":["GET"]}}],"collection":[{"href":"https:\/\/avsc13.fr\/site\/wp-json\/wp\/v2\/posts"}],"about":[{"href":"https:\/\/avsc13.fr\/site\/wp-json\/wp\/v2\/types\/post"}],"author":[{"embeddable":true,"href":"https:\/\/avsc13.fr\/site\/wp-json\/wp\/v2\/users\/1"}],"replies":[{"embeddable":true,"href":"https:\/\/avsc13.fr\/site\/wp-json\/wp\/v2\/comments?post=748"}],"version-history":[{"count":1,"href":"https:\/\/avsc13.fr\/site\/wp-json\/wp\/v2\/posts\/748\/revisions"}],"predecessor-version":[{"id":750,"href":"https:\/\/avsc13.fr\/site\/wp-json\/wp\/v2\/posts\/748\/revisions\/750"}],"wp:featuredmedia":[{"embeddable":true,"href":"https:\/\/avsc13.fr\/site\/wp-json\/wp\/v2\/media\/749"}],"wp:attachment":[{"href":"https:\/\/avsc13.fr\/site\/wp-json\/wp\/v2\/media?parent=748"}],"wp:term":[{"taxonomy":"category","embeddable":true,"href":"https:\/\/avsc13.fr\/site\/wp-json\/wp\/v2\/categories?post=748"},{"taxonomy":"post_tag","embeddable":true,"href":"https:\/\/avsc13.fr\/site\/wp-json\/wp\/v2\/tags?post=748"}],"curies":[{"name":"wp","href":"https:\/\/api.w.org\/{rel}","templated":true}]}}