{"id":752,"date":"2025-03-27T19:36:37","date_gmt":"2025-03-27T18:36:37","guid":{"rendered":"https:\/\/avsc13.fr\/site\/?p=752"},"modified":"2025-03-27T19:36:38","modified_gmt":"2025-03-27T18:36:38","slug":"exposition-les-oeuvres-des-artistes-du-quartier-des-penitents","status":"publish","type":"post","link":"https:\/\/avsc13.fr\/site\/exposition-les-oeuvres-des-artistes-du-quartier-des-penitents\/","title":{"rendered":"[EXPOSITION] Les \u0153uvres des artistes du quartier des P\u00e9nitents"},"content":{"rendered":"\n<p>Les Amis du Vieux Saint-Chamas ont l\u2019honneur de vous pr\u00e9senter une exposition au Mus\u00e9e Municipal Paul Lafran du 2 au 28 avril 2025 avec les \u0153uvres des artistes du quartier des P\u00e9nitents.<\/p>\n\n\n\n<p>Le quartier des P\u00e9nitents a \u00e9t\u00e9 de tout temps un habitat charmant et particulier. Il a toujours attir\u00e9 des personnes amoureuses de cet espace, lieu qui s\u00e9pare et domine les deux parties principales du village de Saint-Chamas. L&rsquo;horizon est ouvert, autant vers l&rsquo;est que l&rsquo;ouest et les couleurs et les perspectives y sont modifi\u00e9es tout au long de la journ\u00e9e. Nous nous proposons de vous faire d\u00e9couvrir les \u0153uvres, peintures et dessins d&rsquo;artistes du quartier qui participent toutes et tous \u00e0 son animation depuis de longues ann\u00e9es.<\/p>\n\n\n\n<p>En visite libre et gratuite les lundis, mardis, jeudis et vendredis de 14h00 \u00e0 17h00.<\/p>\n\n\n\n<p>Ouverture exceptionnelle le samedi 26 avril 2025 de 14h30 \u00e0 15h30.<\/p>\n\n\n\n<figure class=\"wp-block-image size-full\"><a href=\"https:\/\/avsc13.fr\/site\/wp-content\/uploads\/2025\/03\/486838084_1044345851052728_260820061522404180_n.jpg\"><img loading=\"lazy\" decoding=\"async\" width=\"676\" height=\"938\" src=\"https:\/\/avsc13.fr\/site\/wp-content\/uploads\/2025\/03\/486838084_1044345851052728_260820061522404180_n.jpg\" alt=\"\" class=\"wp-image-753\" srcset=\"https:\/\/avsc13.fr\/site\/wp-content\/uploads\/2025\/03\/486838084_1044345851052728_260820061522404180_n.jpg 676w, https:\/\/avsc13.fr\/site\/wp-content\/uploads\/2025\/03\/486838084_1044345851052728_260820061522404180_n-216x300.jpg 216w\" sizes=\"auto, (max-width: 676px) 100vw, 676px\" \/><\/a><\/figure>\n","protected":false},"excerpt":{"rendered":"<p>Les Amis du Vieux Saint-Chamas ont l\u2019honneur de vous pr\u00e9senter une exposition au Mus\u00e9e Municipal Paul Lafran du 2 au 28 avril 2025 avec les \u0153uvres des artistes du quartier des P\u00e9nitents. Le quartier&#46;&#46;&#46;<\/p>\n","protected":false},"author":1,"featured_media":753,"comment_status":"closed","ping_status":"open","sticky":false,"template":"","format":"standard","meta":{"footnotes":""},"categories":[5],"tags":[],"class_list":["post-752","post","type-post","status-publish","format-standard","has-post-thumbnail","hentry","category-exposition"],"_links":{"self":[{"href":"https:\/\/avsc13.fr\/site\/wp-json\/wp\/v2\/posts\/752","targetHints":{"allow":["GET"]}}],"collection":[{"href":"https:\/\/avsc13.fr\/site\/wp-json\/wp\/v2\/posts"}],"about":[{"href":"https:\/\/avsc13.fr\/site\/wp-json\/wp\/v2\/types\/post"}],"author":[{"embeddable":true,"href":"https:\/\/avsc13.fr\/site\/wp-json\/wp\/v2\/users\/1"}],"replies":[{"embeddable":true,"href":"https:\/\/avsc13.fr\/site\/wp-json\/wp\/v2\/comments?post=752"}],"version-history":[{"count":1,"href":"https:\/\/avsc13.fr\/site\/wp-json\/wp\/v2\/posts\/752\/revisions"}],"predecessor-version":[{"id":754,"href":"https:\/\/avsc13.fr\/site\/wp-json\/wp\/v2\/posts\/752\/revisions\/754"}],"wp:featuredmedia":[{"embeddable":true,"href":"https:\/\/avsc13.fr\/site\/wp-json\/wp\/v2\/media\/753"}],"wp:attachment":[{"href":"https:\/\/avsc13.fr\/site\/wp-json\/wp\/v2\/media?parent=752"}],"wp:term":[{"taxonomy":"category","embeddable":true,"href":"https:\/\/avsc13.fr\/site\/wp-json\/wp\/v2\/categories?post=752"},{"taxonomy":"post_tag","embeddable":true,"href":"https:\/\/avsc13.fr\/site\/wp-json\/wp\/v2\/tags?post=752"}],"curies":[{"name":"wp","href":"https:\/\/api.w.org\/{rel}","templated":true}]}}