{"id":757,"date":"2025-04-16T08:00:00","date_gmt":"2025-04-16T07:00:00","guid":{"rendered":"https:\/\/avsc13.fr\/site\/?p=757"},"modified":"2025-04-15T15:54:39","modified_gmt":"2025-04-15T14:54:39","slug":"conference-2e-journee-historique-de-la-ville-de-saint-chamas","status":"publish","type":"post","link":"https:\/\/avsc13.fr\/site\/conference-2e-journee-historique-de-la-ville-de-saint-chamas\/","title":{"rendered":"[CONFERENCE] 2e Journ\u00e9e Historique de la ville de Saint-Chamas"},"content":{"rendered":"\n<p class=\"has-text-align-center has-vivid-cyan-blue-color has-text-color has-link-color wp-elements-c268565786aa06ace0441a1df4453d5c\"><strong>Les Amis du Vieux Saint-Chamas ont le plaisir de vous convier \u00e0 la<\/strong><\/p>\n\n\n\n<p class=\"has-text-align-center has-vivid-cyan-blue-color has-text-color has-link-color wp-elements-b8b42791c9e76413853ea0587b8a75cd\"><strong>2e Journ\u00e9e Historique de la ville de Saint-Chamas<\/strong><\/p>\n\n\n\n<p class=\"has-text-align-center has-vivid-red-color has-text-color has-link-color wp-elements-46f6f2bcb516ca32bac0b5e829c5d98a\"><strong>samedi 26 avril 2025<\/strong><\/p>\n\n\n\n<p class=\"has-text-align-center has-vivid-red-color has-text-color has-link-color wp-elements-0e07e0cec3d08c45dcb7b378d77aa0de\"><strong>Salle Municipale, avenue des 53, 13250 Saint-Chamas<\/strong><\/p>\n\n\n\n<p class=\"has-text-align-center\"><strong>Vous trouverez le d\u00e9tail des conf\u00e9rences et de l&rsquo;organisation de cette journ\u00e9e dans le\u00a0programme ci-joint.<\/strong><\/p>\n\n\n<div class=\"wp-block-image\">\n<figure class=\"aligncenter size-large\"><a href=\"https:\/\/avsc13.fr\/site\/wp-content\/uploads\/2025\/04\/AVSC-affiche-26-avril.jpg\"><img loading=\"lazy\" decoding=\"async\" width=\"724\" height=\"1024\" src=\"https:\/\/avsc13.fr\/site\/wp-content\/uploads\/2025\/04\/AVSC-affiche-26-avril-724x1024.jpg\" alt=\"\" class=\"wp-image-759\" srcset=\"https:\/\/avsc13.fr\/site\/wp-content\/uploads\/2025\/04\/AVSC-affiche-26-avril-724x1024.jpg 724w, https:\/\/avsc13.fr\/site\/wp-content\/uploads\/2025\/04\/AVSC-affiche-26-avril-212x300.jpg 212w, https:\/\/avsc13.fr\/site\/wp-content\/uploads\/2025\/04\/AVSC-affiche-26-avril-768x1086.jpg 768w, https:\/\/avsc13.fr\/site\/wp-content\/uploads\/2025\/04\/AVSC-affiche-26-avril-1086x1536.jpg 1086w, https:\/\/avsc13.fr\/site\/wp-content\/uploads\/2025\/04\/AVSC-affiche-26-avril.jpg 1240w\" sizes=\"auto, (max-width: 724px) 100vw, 724px\" \/><\/a><\/figure>\n<\/div>\n\n<div class=\"wp-block-image\">\n<figure class=\"aligncenter size-large\"><a href=\"https:\/\/avsc13.fr\/site\/wp-content\/uploads\/2025\/04\/AVSC-programme-journee-histo-25.version3.jpg\"><img loading=\"lazy\" decoding=\"async\" width=\"724\" height=\"1024\" src=\"https:\/\/avsc13.fr\/site\/wp-content\/uploads\/2025\/04\/AVSC-programme-journee-histo-25.version3-724x1024.jpg\" alt=\"\" class=\"wp-image-760\" srcset=\"https:\/\/avsc13.fr\/site\/wp-content\/uploads\/2025\/04\/AVSC-programme-journee-histo-25.version3-724x1024.jpg 724w, https:\/\/avsc13.fr\/site\/wp-content\/uploads\/2025\/04\/AVSC-programme-journee-histo-25.version3-212x300.jpg 212w, https:\/\/avsc13.fr\/site\/wp-content\/uploads\/2025\/04\/AVSC-programme-journee-histo-25.version3-768x1086.jpg 768w, https:\/\/avsc13.fr\/site\/wp-content\/uploads\/2025\/04\/AVSC-programme-journee-histo-25.version3.jpg 993w\" sizes=\"auto, (max-width: 724px) 100vw, 724px\" \/><\/a><\/figure>\n<\/div>\n\n<div class=\"wp-block-image\">\n<figure class=\"aligncenter size-large\"><a href=\"https:\/\/avsc13.fr\/site\/wp-content\/uploads\/2025\/04\/AVSC-Programme-version-corrigee.jpg\"><img loading=\"lazy\" decoding=\"async\" width=\"1024\" height=\"724\" src=\"https:\/\/avsc13.fr\/site\/wp-content\/uploads\/2025\/04\/AVSC-Programme-version-corrigee-1024x724.jpg\" alt=\"\" class=\"wp-image-761\" srcset=\"https:\/\/avsc13.fr\/site\/wp-content\/uploads\/2025\/04\/AVSC-Programme-version-corrigee-1024x724.jpg 1024w, https:\/\/avsc13.fr\/site\/wp-content\/uploads\/2025\/04\/AVSC-Programme-version-corrigee-300x212.jpg 300w, https:\/\/avsc13.fr\/site\/wp-content\/uploads\/2025\/04\/AVSC-Programme-version-corrigee-768x543.jpg 768w, https:\/\/avsc13.fr\/site\/wp-content\/uploads\/2025\/04\/AVSC-Programme-version-corrigee.jpg 1403w\" sizes=\"auto, (max-width: 1024px) 100vw, 1024px\" \/><\/a><\/figure>\n<\/div>","protected":false},"excerpt":{"rendered":"<p>Les Amis du Vieux Saint-Chamas ont le plaisir de vous convier \u00e0 la 2e Journ\u00e9e Historique de la ville de Saint-Chamas samedi 26 avril 2025 Salle Municipale, avenue des 53, 13250 Saint-Chamas Vous trouverez&#46;&#46;&#46;<\/p>\n","protected":false},"author":1,"featured_media":763,"comment_status":"closed","ping_status":"open","sticky":false,"template":"","format":"standard","meta":{"footnotes":""},"categories":[3,4,11],"tags":[],"class_list":["post-757","post","type-post","status-publish","format-standard","has-post-thumbnail","hentry","category-association","category-conferences","category-devoirs-de-memoire"],"_links":{"self":[{"href":"https:\/\/avsc13.fr\/site\/wp-json\/wp\/v2\/posts\/757","targetHints":{"allow":["GET"]}}],"collection":[{"href":"https:\/\/avsc13.fr\/site\/wp-json\/wp\/v2\/posts"}],"about":[{"href":"https:\/\/avsc13.fr\/site\/wp-json\/wp\/v2\/types\/post"}],"author":[{"embeddable":true,"href":"https:\/\/avsc13.fr\/site\/wp-json\/wp\/v2\/users\/1"}],"replies":[{"embeddable":true,"href":"https:\/\/avsc13.fr\/site\/wp-json\/wp\/v2\/comments?post=757"}],"version-history":[{"count":2,"href":"https:\/\/avsc13.fr\/site\/wp-json\/wp\/v2\/posts\/757\/revisions"}],"predecessor-version":[{"id":762,"href":"https:\/\/avsc13.fr\/site\/wp-json\/wp\/v2\/posts\/757\/revisions\/762"}],"wp:featuredmedia":[{"embeddable":true,"href":"https:\/\/avsc13.fr\/site\/wp-json\/wp\/v2\/media\/763"}],"wp:attachment":[{"href":"https:\/\/avsc13.fr\/site\/wp-json\/wp\/v2\/media?parent=757"}],"wp:term":[{"taxonomy":"category","embeddable":true,"href":"https:\/\/avsc13.fr\/site\/wp-json\/wp\/v2\/categories?post=757"},{"taxonomy":"post_tag","embeddable":true,"href":"https:\/\/avsc13.fr\/site\/wp-json\/wp\/v2\/tags?post=757"}],"curies":[{"name":"wp","href":"https:\/\/api.w.org\/{rel}","templated":true}]}}