{"id":764,"date":"2025-04-15T15:52:38","date_gmt":"2025-04-15T14:52:38","guid":{"rendered":"https:\/\/avsc13.fr\/site\/?p=764"},"modified":"2025-04-15T15:52:39","modified_gmt":"2025-04-15T14:52:39","slug":"conference-miramas-aviation-un-aerodrome-dans-la-crau","status":"publish","type":"post","link":"https:\/\/avsc13.fr\/site\/conference-miramas-aviation-un-aerodrome-dans-la-crau\/","title":{"rendered":"[CONFERENCE] Miramas-Aviation, un a\u00e9rodrome dans la Crau"},"content":{"rendered":"\n<p class=\"has-text-align-center\">Les Amis du Vieux Saint-Chamas ont le plaisir de vous convier \u00e0 une conf\u00e9rence organis\u00e9e par la M\u00e9diath\u00e8que intercommunale Ouest-Provence, \u00e0 l\u2019auditorium de la M\u00e9diath\u00e8que de Miramas, le mardi 22 avril 2025 \u00e0 17h30, intitul\u00e9e \u00ab Miramas-Aviation, un a\u00e9rodrome dans la Crau \u00bb, anim\u00e9e par S\u00e9bastien Avy, membre des AVSC, historien local.<\/p>\n\n\n<div class=\"wp-block-image\">\n<figure class=\"aligncenter size-large\"><a href=\"https:\/\/avsc13.fr\/site\/wp-content\/uploads\/2025\/04\/491859740_2421286464882172_3818385448187127645_n.jpg\"><img loading=\"lazy\" decoding=\"async\" width=\"1024\" height=\"724\" src=\"https:\/\/avsc13.fr\/site\/wp-content\/uploads\/2025\/04\/491859740_2421286464882172_3818385448187127645_n-1024x724.jpg\" alt=\"\" class=\"wp-image-765\" srcset=\"https:\/\/avsc13.fr\/site\/wp-content\/uploads\/2025\/04\/491859740_2421286464882172_3818385448187127645_n-1024x724.jpg 1024w, https:\/\/avsc13.fr\/site\/wp-content\/uploads\/2025\/04\/491859740_2421286464882172_3818385448187127645_n-300x212.jpg 300w, https:\/\/avsc13.fr\/site\/wp-content\/uploads\/2025\/04\/491859740_2421286464882172_3818385448187127645_n-768x543.jpg 768w, https:\/\/avsc13.fr\/site\/wp-content\/uploads\/2025\/04\/491859740_2421286464882172_3818385448187127645_n-1536x1086.jpg 1536w, https:\/\/avsc13.fr\/site\/wp-content\/uploads\/2025\/04\/491859740_2421286464882172_3818385448187127645_n.jpg 1754w\" sizes=\"auto, (max-width: 1024px) 100vw, 1024px\" \/><\/a><\/figure>\n<\/div>","protected":false},"excerpt":{"rendered":"<p>Les Amis du Vieux Saint-Chamas ont le plaisir de vous convier \u00e0 une conf\u00e9rence organis\u00e9e par la M\u00e9diath\u00e8que intercommunale Ouest-Provence, \u00e0 l\u2019auditorium de la M\u00e9diath\u00e8que de Miramas, le mardi 22 avril 2025 \u00e0 17h30,&#46;&#46;&#46;<\/p>\n","protected":false},"author":1,"featured_media":766,"comment_status":"closed","ping_status":"open","sticky":false,"template":"","format":"standard","meta":{"footnotes":""},"categories":[4],"tags":[],"class_list":["post-764","post","type-post","status-publish","format-standard","has-post-thumbnail","hentry","category-conferences"],"_links":{"self":[{"href":"https:\/\/avsc13.fr\/site\/wp-json\/wp\/v2\/posts\/764","targetHints":{"allow":["GET"]}}],"collection":[{"href":"https:\/\/avsc13.fr\/site\/wp-json\/wp\/v2\/posts"}],"about":[{"href":"https:\/\/avsc13.fr\/site\/wp-json\/wp\/v2\/types\/post"}],"author":[{"embeddable":true,"href":"https:\/\/avsc13.fr\/site\/wp-json\/wp\/v2\/users\/1"}],"replies":[{"embeddable":true,"href":"https:\/\/avsc13.fr\/site\/wp-json\/wp\/v2\/comments?post=764"}],"version-history":[{"count":1,"href":"https:\/\/avsc13.fr\/site\/wp-json\/wp\/v2\/posts\/764\/revisions"}],"predecessor-version":[{"id":767,"href":"https:\/\/avsc13.fr\/site\/wp-json\/wp\/v2\/posts\/764\/revisions\/767"}],"wp:featuredmedia":[{"embeddable":true,"href":"https:\/\/avsc13.fr\/site\/wp-json\/wp\/v2\/media\/766"}],"wp:attachment":[{"href":"https:\/\/avsc13.fr\/site\/wp-json\/wp\/v2\/media?parent=764"}],"wp:term":[{"taxonomy":"category","embeddable":true,"href":"https:\/\/avsc13.fr\/site\/wp-json\/wp\/v2\/categories?post=764"},{"taxonomy":"post_tag","embeddable":true,"href":"https:\/\/avsc13.fr\/site\/wp-json\/wp\/v2\/tags?post=764"}],"curies":[{"name":"wp","href":"https:\/\/api.w.org\/{rel}","templated":true}]}}