{"id":770,"date":"2025-09-18T08:34:43","date_gmt":"2025-09-18T07:34:43","guid":{"rendered":"https:\/\/avsc13.fr\/site\/?p=770"},"modified":"2025-09-18T08:40:01","modified_gmt":"2025-09-18T07:40:01","slug":"exposition-saint-chamas-metamorphoses","status":"publish","type":"post","link":"https:\/\/avsc13.fr\/site\/exposition-saint-chamas-metamorphoses\/","title":{"rendered":"[EXPOSITION] Saint-Chamas M\u00e9tamorphoses"},"content":{"rendered":"<div class=\"wp-block-image\">\n<figure class=\"aligncenter size-large\"><a href=\"https:\/\/avsc13.fr\/site\/wp-content\/uploads\/2025\/09\/540980279_1169610981859547_5705673942157011757_n.jpg\"><img loading=\"lazy\" decoding=\"async\" width=\"1024\" height=\"488\" src=\"https:\/\/avsc13.fr\/site\/wp-content\/uploads\/2025\/09\/540980279_1169610981859547_5705673942157011757_n-1024x488.jpg\" alt=\"\" class=\"wp-image-771\" srcset=\"https:\/\/avsc13.fr\/site\/wp-content\/uploads\/2025\/09\/540980279_1169610981859547_5705673942157011757_n-1024x488.jpg 1024w, https:\/\/avsc13.fr\/site\/wp-content\/uploads\/2025\/09\/540980279_1169610981859547_5705673942157011757_n-300x143.jpg 300w, https:\/\/avsc13.fr\/site\/wp-content\/uploads\/2025\/09\/540980279_1169610981859547_5705673942157011757_n-768x366.jpg 768w, https:\/\/avsc13.fr\/site\/wp-content\/uploads\/2025\/09\/540980279_1169610981859547_5705673942157011757_n-1536x732.jpg 1536w, https:\/\/avsc13.fr\/site\/wp-content\/uploads\/2025\/09\/540980279_1169610981859547_5705673942157011757_n-2048x976.jpg 2048w\" sizes=\"auto, (max-width: 1024px) 100vw, 1024px\" \/><\/a><\/figure>\n<\/div>\n\n\n<p>\u00ab&nbsp;SAINT-CHAMAS, M\u00c9TAMORPHOSES&nbsp;\u2013 <em>les grands enjeux communaux du XXe si\u00e8cle<\/em> \u00bb<\/p>\n\n\n\n<p>Saint-Chamas aura bient\u00f4t mille ans. Plusieurs dizaines de g\u00e9n\u00e9rations de Saint-Chamassens ont b\u00e2ti cette cit\u00e9 singuli\u00e8re, mi-ville, mi-village, dans les coups durs et les coups de chance.<\/p>\n\n\n\n<p>Elles ont surmont\u00e9 drames et d\u00e9fis. Elles ont d\u00fb faire des choix, certains contraints, d\u2019autres d\u00e9lib\u00e9r\u00e9s. Elles ont souvent h\u00e9sit\u00e9, parfois commis des erreurs.<\/p>\n\n\n\n<p>Mais collectivement, au fil du temps, elles ont trouv\u00e9 le chemin qui nous a conduits au cadre de vie que nous connaissons aujourd\u2019hui et que nous aimons tant.<\/p>\n\n\n\n<p>Entre un \u00e9quilibre harmonieux avec leur environnement et une course \u00e0 l\u2019urbanisation \u00e0 tout prix, les Saint-Chamassens ont tranch\u00e9. Le temps de la sagesse est arriv\u00e9, \u00e9clair\u00e9 par mille ans d\u2019histoire.<\/p>\n\n\n\n<p>Cette exposition, propos\u00e9e par le mus\u00e9e Paul Lafran, \u00e9voque, entre textes et images in\u00e9dites, les chantiers qui ont permis les grandes transformations de Saint-Chamas&nbsp;: le circuit de l\u2019eau, l\u2019\u00e9lectricit\u00e9, l\u2019urbanisme, la Poudrerie, le port du Pertuis, les \u00e9coles.<\/p>\n\n\n\n<p>En comprenant mieux notre pass\u00e9, nous comprenons notre pr\u00e9sent et nous pouvons peut-\u00eatre entrevoir notre avenir.<\/p>\n\n\n\n<p>Vente du livre \u00ab\u00a0SAINT-CHAMAS M\u00c9TAMORPHOSES \u00bb par les Amis du Vieux Saint-Chamas, le vendredi 19 septembre lors du vernissage, et les samedis 20 septembre, 4 octobre et 18 octobre de 15h00 \u00e0 18h00. Prix 35 euro.<\/p>\n\n\n<div class=\"wp-block-image\">\n<figure class=\"aligncenter size-large\"><a href=\"https:\/\/avsc13.fr\/site\/wp-content\/uploads\/2025\/09\/SAINT-CHAMAS-Metamorphoses-couverture-scaled.jpg\"><img loading=\"lazy\" decoding=\"async\" width=\"1024\" height=\"527\" src=\"https:\/\/avsc13.fr\/site\/wp-content\/uploads\/2025\/09\/SAINT-CHAMAS-Metamorphoses-couverture-1024x527.jpg\" alt=\"\" class=\"wp-image-774\" srcset=\"https:\/\/avsc13.fr\/site\/wp-content\/uploads\/2025\/09\/SAINT-CHAMAS-Metamorphoses-couverture-1024x527.jpg 1024w, https:\/\/avsc13.fr\/site\/wp-content\/uploads\/2025\/09\/SAINT-CHAMAS-Metamorphoses-couverture-300x154.jpg 300w, https:\/\/avsc13.fr\/site\/wp-content\/uploads\/2025\/09\/SAINT-CHAMAS-Metamorphoses-couverture-768x395.jpg 768w, https:\/\/avsc13.fr\/site\/wp-content\/uploads\/2025\/09\/SAINT-CHAMAS-Metamorphoses-couverture-1536x791.jpg 1536w, https:\/\/avsc13.fr\/site\/wp-content\/uploads\/2025\/09\/SAINT-CHAMAS-Metamorphoses-couverture-2048x1054.jpg 2048w\" sizes=\"auto, (max-width: 1024px) 100vw, 1024px\" \/><\/a><\/figure>\n<\/div>","protected":false},"excerpt":{"rendered":"<p>\u00ab&nbsp;SAINT-CHAMAS, M\u00c9TAMORPHOSES&nbsp;\u2013 les grands enjeux communaux du XXe si\u00e8cle \u00bb Saint-Chamas aura bient\u00f4t mille ans. Plusieurs dizaines de g\u00e9n\u00e9rations de Saint-Chamassens ont b\u00e2ti cette cit\u00e9 singuli\u00e8re, mi-ville, mi-village, dans les coups durs et les&#46;&#46;&#46;<\/p>\n","protected":false},"author":1,"featured_media":771,"comment_status":"closed","ping_status":"open","sticky":false,"template":"","format":"standard","meta":{"footnotes":""},"categories":[5,6],"tags":[],"class_list":["post-770","post","type-post","status-publish","format-standard","has-post-thumbnail","hentry","category-exposition","category-publications"],"_links":{"self":[{"href":"https:\/\/avsc13.fr\/site\/wp-json\/wp\/v2\/posts\/770","targetHints":{"allow":["GET"]}}],"collection":[{"href":"https:\/\/avsc13.fr\/site\/wp-json\/wp\/v2\/posts"}],"about":[{"href":"https:\/\/avsc13.fr\/site\/wp-json\/wp\/v2\/types\/post"}],"author":[{"embeddable":true,"href":"https:\/\/avsc13.fr\/site\/wp-json\/wp\/v2\/users\/1"}],"replies":[{"embeddable":true,"href":"https:\/\/avsc13.fr\/site\/wp-json\/wp\/v2\/comments?post=770"}],"version-history":[{"count":3,"href":"https:\/\/avsc13.fr\/site\/wp-json\/wp\/v2\/posts\/770\/revisions"}],"predecessor-version":[{"id":777,"href":"https:\/\/avsc13.fr\/site\/wp-json\/wp\/v2\/posts\/770\/revisions\/777"}],"wp:featuredmedia":[{"embeddable":true,"href":"https:\/\/avsc13.fr\/site\/wp-json\/wp\/v2\/media\/771"}],"wp:attachment":[{"href":"https:\/\/avsc13.fr\/site\/wp-json\/wp\/v2\/media?parent=770"}],"wp:term":[{"taxonomy":"category","embeddable":true,"href":"https:\/\/avsc13.fr\/site\/wp-json\/wp\/v2\/categories?post=770"},{"taxonomy":"post_tag","embeddable":true,"href":"https:\/\/avsc13.fr\/site\/wp-json\/wp\/v2\/tags?post=770"}],"curies":[{"name":"wp","href":"https:\/\/api.w.org\/{rel}","templated":true}]}}