{"id":778,"date":"2025-09-18T08:00:00","date_gmt":"2025-09-18T07:00:00","guid":{"rendered":"https:\/\/avsc13.fr\/site\/?p=778"},"modified":"2025-09-18T08:44:36","modified_gmt":"2025-09-18T07:44:36","slug":"conference-miramas-ville-cheminote","status":"publish","type":"post","link":"https:\/\/avsc13.fr\/site\/conference-miramas-ville-cheminote\/","title":{"rendered":"[CONFERENCE] Miramas, ville cheminote"},"content":{"rendered":"\n<p>En ouverture des Journ\u00e9es Europ\u00e9ennes du Patrimoine 2025, les Amis du Vieux Saint-Chamas ont le plaisir de vous convier \u00e0 une conf\u00e9rence organis\u00e9e \u00e0 la M\u00e9diath\u00e8que intercommunale Ouest-Provence, auditorium de la M\u00e9diath\u00e8que de Miramas, le vendredi 19 septembre 2025 \u00e0 17h30, intitul\u00e9e \u00ab Miramas, ville cheminote \u00bb, anim\u00e9e par S\u00e9bastien Avy, membre des AVSC, historien local.<\/p>\n\n\n\n<figure class=\"wp-block-image size-large\"><a href=\"https:\/\/avsc13.fr\/site\/wp-content\/uploads\/2025\/09\/546891908_10241248667740295_5220087621753678552_n.jpg\"><img loading=\"lazy\" decoding=\"async\" width=\"724\" height=\"1024\" src=\"https:\/\/avsc13.fr\/site\/wp-content\/uploads\/2025\/09\/546891908_10241248667740295_5220087621753678552_n-724x1024.jpg\" alt=\"\" class=\"wp-image-779\" srcset=\"https:\/\/avsc13.fr\/site\/wp-content\/uploads\/2025\/09\/546891908_10241248667740295_5220087621753678552_n-724x1024.jpg 724w, https:\/\/avsc13.fr\/site\/wp-content\/uploads\/2025\/09\/546891908_10241248667740295_5220087621753678552_n-212x300.jpg 212w, https:\/\/avsc13.fr\/site\/wp-content\/uploads\/2025\/09\/546891908_10241248667740295_5220087621753678552_n-768x1086.jpg 768w, https:\/\/avsc13.fr\/site\/wp-content\/uploads\/2025\/09\/546891908_10241248667740295_5220087621753678552_n-1086x1536.jpg 1086w, https:\/\/avsc13.fr\/site\/wp-content\/uploads\/2025\/09\/546891908_10241248667740295_5220087621753678552_n.jpg 1448w\" sizes=\"auto, (max-width: 724px) 100vw, 724px\" \/><\/a><\/figure>\n\n\n\n<p><\/p>\n","protected":false},"excerpt":{"rendered":"<p>En ouverture des Journ\u00e9es Europ\u00e9ennes du Patrimoine 2025, les Amis du Vieux Saint-Chamas ont le plaisir de vous convier \u00e0 une conf\u00e9rence organis\u00e9e \u00e0 la M\u00e9diath\u00e8que intercommunale Ouest-Provence, auditorium de la M\u00e9diath\u00e8que de Miramas,&#46;&#46;&#46;<\/p>\n","protected":false},"author":1,"featured_media":780,"comment_status":"closed","ping_status":"open","sticky":false,"template":"","format":"standard","meta":{"footnotes":""},"categories":[4],"tags":[],"class_list":["post-778","post","type-post","status-publish","format-standard","has-post-thumbnail","hentry","category-conferences"],"_links":{"self":[{"href":"https:\/\/avsc13.fr\/site\/wp-json\/wp\/v2\/posts\/778","targetHints":{"allow":["GET"]}}],"collection":[{"href":"https:\/\/avsc13.fr\/site\/wp-json\/wp\/v2\/posts"}],"about":[{"href":"https:\/\/avsc13.fr\/site\/wp-json\/wp\/v2\/types\/post"}],"author":[{"embeddable":true,"href":"https:\/\/avsc13.fr\/site\/wp-json\/wp\/v2\/users\/1"}],"replies":[{"embeddable":true,"href":"https:\/\/avsc13.fr\/site\/wp-json\/wp\/v2\/comments?post=778"}],"version-history":[{"count":1,"href":"https:\/\/avsc13.fr\/site\/wp-json\/wp\/v2\/posts\/778\/revisions"}],"predecessor-version":[{"id":781,"href":"https:\/\/avsc13.fr\/site\/wp-json\/wp\/v2\/posts\/778\/revisions\/781"}],"wp:featuredmedia":[{"embeddable":true,"href":"https:\/\/avsc13.fr\/site\/wp-json\/wp\/v2\/media\/780"}],"wp:attachment":[{"href":"https:\/\/avsc13.fr\/site\/wp-json\/wp\/v2\/media?parent=778"}],"wp:term":[{"taxonomy":"category","embeddable":true,"href":"https:\/\/avsc13.fr\/site\/wp-json\/wp\/v2\/categories?post=778"},{"taxonomy":"post_tag","embeddable":true,"href":"https:\/\/avsc13.fr\/site\/wp-json\/wp\/v2\/tags?post=778"}],"curies":[{"name":"wp","href":"https:\/\/api.w.org\/{rel}","templated":true}]}}