{"id":792,"date":"2026-02-01T10:22:02","date_gmt":"2026-02-01T09:22:02","guid":{"rendered":"https:\/\/avsc13.fr\/site\/?p=792"},"modified":"2026-02-01T10:22:03","modified_gmt":"2026-02-01T09:22:03","slug":"conference-istres-un-hub-des-armees-un-outil-incontournable-de-larmee-de-lair-et-de-lespace","status":"publish","type":"post","link":"https:\/\/avsc13.fr\/site\/conference-istres-un-hub-des-armees-un-outil-incontournable-de-larmee-de-lair-et-de-lespace\/","title":{"rendered":"[CONFERENCE] Istres, un HUB des arm\u00e9es, un outil incontournable de l&rsquo;arm\u00e9e de l&rsquo;Air et de l&rsquo;Espace"},"content":{"rendered":"\n<p>Les Amis du Vieux Saint-Chamas ont le plaisir de vous convier pour une conf\u00e9rence le jeudi 12 f\u00e9vrier 2026 \u00e0 17h30, \u00e0 la M\u00e9diath\u00e8que municipale de Saint-Chamas, boulevard Joliot-Curie.<\/p>\n\n\n\n<p>\u00ab\u00a0lstres, un HUB des arm\u00e9es, outil incontournable de l&rsquo;arm\u00e9e de l&rsquo;Air et de l&rsquo;Espace\u00a0\u00bb, par M. Jacques Pascal, du Conservatoire du Patrimoine A\u00e9ronautique d&rsquo;Istres.<\/p>\n\n\n\n<p>90 ans apr\u00e8s avoir \u00e9t\u00e9 sacr\u00e9e \u00ab piste des grands raids \u00bb avec Mermoz, la BA125 devient le \u00ab Hub a\u00e9rien des arm\u00e9es \u00bb, capable de projeter jusqu\u2019\u00e0 100 000 passagers et 9000 tonnes de fret par an vers les th\u00e9\u00e2tres d\u2019op\u00e9rations, en s\u2019appuyant sur un vaste programme d\u2019infrastructures d\u00e9di\u00e9es (a\u00e9rogare, escale a\u00e9rienne tactique, escale routi\u00e8re\u2026)<\/p>\n\n\n\n<p>Sa flotte MRTT, \u00e0 terme la plus importante d\u2019Europe en mati\u00e8re de transport strat\u00e9gique et ravitaillement en vol, constitue un v\u00e9ritable \u00ab game changer \u00bb dans la planification et la conduite des op\u00e9rations a\u00e9riennes et un outil de la diplomatie a\u00e9rienne par excellence.<\/p>\n\n\n\n<p>Entr\u00e9e libre et gratuite.<\/p>\n\n\n<div class=\"wp-block-image\">\n<figure class=\"aligncenter size-large\"><a href=\"https:\/\/avsc13.fr\/site\/wp-content\/uploads\/2026\/02\/AVSC-conf-Jacques-2026-02-12-scaled.jpg\"><img loading=\"lazy\" decoding=\"async\" width=\"724\" height=\"1024\" src=\"https:\/\/avsc13.fr\/site\/wp-content\/uploads\/2026\/02\/AVSC-conf-Jacques-2026-02-12-724x1024.jpg\" alt=\"\" class=\"wp-image-793\" srcset=\"https:\/\/avsc13.fr\/site\/wp-content\/uploads\/2026\/02\/AVSC-conf-Jacques-2026-02-12-724x1024.jpg 724w, https:\/\/avsc13.fr\/site\/wp-content\/uploads\/2026\/02\/AVSC-conf-Jacques-2026-02-12-212x300.jpg 212w, https:\/\/avsc13.fr\/site\/wp-content\/uploads\/2026\/02\/AVSC-conf-Jacques-2026-02-12-768x1086.jpg 768w, https:\/\/avsc13.fr\/site\/wp-content\/uploads\/2026\/02\/AVSC-conf-Jacques-2026-02-12-1086x1536.jpg 1086w, https:\/\/avsc13.fr\/site\/wp-content\/uploads\/2026\/02\/AVSC-conf-Jacques-2026-02-12-1448x2048.jpg 1448w, https:\/\/avsc13.fr\/site\/wp-content\/uploads\/2026\/02\/AVSC-conf-Jacques-2026-02-12-scaled.jpg 1811w\" sizes=\"auto, (max-width: 724px) 100vw, 724px\" \/><\/a><\/figure>\n<\/div>","protected":false},"excerpt":{"rendered":"<p>Les Amis du Vieux Saint-Chamas ont le plaisir de vous convier pour une conf\u00e9rence le jeudi 12 f\u00e9vrier 2026 \u00e0 17h30, \u00e0 la M\u00e9diath\u00e8que municipale de Saint-Chamas, boulevard Joliot-Curie. \u00ab\u00a0lstres, un HUB des arm\u00e9es,&#46;&#46;&#46;<\/p>\n","protected":false},"author":1,"featured_media":794,"comment_status":"closed","ping_status":"open","sticky":false,"template":"","format":"standard","meta":{"footnotes":""},"categories":[4],"tags":[],"class_list":["post-792","post","type-post","status-publish","format-standard","has-post-thumbnail","hentry","category-conferences"],"_links":{"self":[{"href":"https:\/\/avsc13.fr\/site\/wp-json\/wp\/v2\/posts\/792","targetHints":{"allow":["GET"]}}],"collection":[{"href":"https:\/\/avsc13.fr\/site\/wp-json\/wp\/v2\/posts"}],"about":[{"href":"https:\/\/avsc13.fr\/site\/wp-json\/wp\/v2\/types\/post"}],"author":[{"embeddable":true,"href":"https:\/\/avsc13.fr\/site\/wp-json\/wp\/v2\/users\/1"}],"replies":[{"embeddable":true,"href":"https:\/\/avsc13.fr\/site\/wp-json\/wp\/v2\/comments?post=792"}],"version-history":[{"count":1,"href":"https:\/\/avsc13.fr\/site\/wp-json\/wp\/v2\/posts\/792\/revisions"}],"predecessor-version":[{"id":795,"href":"https:\/\/avsc13.fr\/site\/wp-json\/wp\/v2\/posts\/792\/revisions\/795"}],"wp:featuredmedia":[{"embeddable":true,"href":"https:\/\/avsc13.fr\/site\/wp-json\/wp\/v2\/media\/794"}],"wp:attachment":[{"href":"https:\/\/avsc13.fr\/site\/wp-json\/wp\/v2\/media?parent=792"}],"wp:term":[{"taxonomy":"category","embeddable":true,"href":"https:\/\/avsc13.fr\/site\/wp-json\/wp\/v2\/categories?post=792"},{"taxonomy":"post_tag","embeddable":true,"href":"https:\/\/avsc13.fr\/site\/wp-json\/wp\/v2\/tags?post=792"}],"curies":[{"name":"wp","href":"https:\/\/api.w.org\/{rel}","templated":true}]}}