{"id":797,"date":"2026-03-02T20:13:33","date_gmt":"2026-03-02T19:13:33","guid":{"rendered":"https:\/\/avsc13.fr\/site\/?p=797"},"modified":"2026-03-02T20:13:34","modified_gmt":"2026-03-02T19:13:34","slug":"conference-archeologie-dun-camp-americain-de-prisonniers-allemands-le-camp-pwe-412-de-miramas-1944-1946","status":"publish","type":"post","link":"https:\/\/avsc13.fr\/site\/conference-archeologie-dun-camp-americain-de-prisonniers-allemands-le-camp-pwe-412-de-miramas-1944-1946\/","title":{"rendered":"[CONFERENCE] Arch\u00e9ologie d\u2019un camp am\u00e9ricain de prisonniers allemands\u00a0: le camp PWE #412 de Miramas (1944-1946)"},"content":{"rendered":"\n<p>Les Amis du Vieux Saint-Chamas ont le plaisir de vous convier pour une conf\u00e9rence le jeudi 12 mars 2026 \u00e0 17h30, \u00e0 la M\u00e9diath\u00e8que municipale de Saint-Chamas, boulevard Joliot- Curie.<\/p>\n\n\n\n<p>\u00ab\u00a0Arch\u00e9ologie d\u2019un camp am\u00e9ricain de prisonniers allemands&nbsp;: le camp PWE #412 de Miramas (1944-1946)\u00a0\u00bb, par M. Fr\u00e9d\u00e9ric Marty, arch\u00e9ologue.<\/p>\n\n\n\n<p>C\u2019est en 2013, \u00e0 l\u2019occasion de la cr\u00e9ation d\u2019une d\u00e9viation routi\u00e8re, qu\u2019un diagnostic arch\u00e9ologique a r\u00e9v\u00e9l\u00e9 l\u2019existence d\u2019un camp am\u00e9ricain de prisonniers allemands \u00e0 Miramas, le Prisoners of War Enclosure # 412. Actif du 14 d\u00e9cembre 1944 au 1er juillet 1946, il assurait le fonctionnement d\u2019un vaste d\u00e9p\u00f4t d\u2019approvisionnement de l\u2019arm\u00e9e. En 2015, il a fait l\u2019objet de la premi\u00e8re prescription de fouille portant sur un camp militaire de la Seconde Guerre mondiale dans le sud de la France. Le site appartient \u00e0 un r\u00e9seau d\u2019une quarantaine de camps de travail r\u00e9partis dans la r\u00e9gion marseillaise, d\u00e9pendant du seul camp central am\u00e9ricain du Midi, le CCPWE 404 de Cabri\u00e8s. L\u2019indigence des archives et des t\u00e9moignages montre ici tout l\u2019int\u00e9r\u00eat de l\u2019approche arch\u00e9ologique d\u2019une histoire pourtant r\u00e9cente.<\/p>\n\n\n\n<p>Entr\u00e9e libre et gratuite.<\/p>\n\n\n<div class=\"wp-block-image\">\n<figure class=\"aligncenter size-large\"><a href=\"https:\/\/avsc13.fr\/site\/wp-content\/uploads\/2026\/03\/AVSC-conf-Marty-2026-03-12-scaled.jpg\"><img loading=\"lazy\" decoding=\"async\" width=\"724\" height=\"1024\" src=\"https:\/\/avsc13.fr\/site\/wp-content\/uploads\/2026\/03\/AVSC-conf-Marty-2026-03-12-724x1024.jpg\" alt=\"\" class=\"wp-image-798\" srcset=\"https:\/\/avsc13.fr\/site\/wp-content\/uploads\/2026\/03\/AVSC-conf-Marty-2026-03-12-724x1024.jpg 724w, https:\/\/avsc13.fr\/site\/wp-content\/uploads\/2026\/03\/AVSC-conf-Marty-2026-03-12-212x300.jpg 212w, https:\/\/avsc13.fr\/site\/wp-content\/uploads\/2026\/03\/AVSC-conf-Marty-2026-03-12-768x1086.jpg 768w, https:\/\/avsc13.fr\/site\/wp-content\/uploads\/2026\/03\/AVSC-conf-Marty-2026-03-12-1086x1536.jpg 1086w, https:\/\/avsc13.fr\/site\/wp-content\/uploads\/2026\/03\/AVSC-conf-Marty-2026-03-12-1448x2048.jpg 1448w, https:\/\/avsc13.fr\/site\/wp-content\/uploads\/2026\/03\/AVSC-conf-Marty-2026-03-12-scaled.jpg 1811w\" sizes=\"auto, (max-width: 724px) 100vw, 724px\" \/><\/a><\/figure>\n<\/div>","protected":false},"excerpt":{"rendered":"<p>Les Amis du Vieux Saint-Chamas ont le plaisir de vous convier pour une conf\u00e9rence le jeudi 12 mars 2026 \u00e0 17h30, \u00e0 la M\u00e9diath\u00e8que municipale de Saint-Chamas, boulevard Joliot- Curie. \u00ab\u00a0Arch\u00e9ologie d\u2019un camp am\u00e9ricain&#46;&#46;&#46;<\/p>\n","protected":false},"author":1,"featured_media":799,"comment_status":"closed","ping_status":"open","sticky":false,"template":"","format":"standard","meta":{"footnotes":""},"categories":[4,11],"tags":[],"class_list":["post-797","post","type-post","status-publish","format-standard","has-post-thumbnail","hentry","category-conferences","category-devoirs-de-memoire"],"_links":{"self":[{"href":"https:\/\/avsc13.fr\/site\/wp-json\/wp\/v2\/posts\/797","targetHints":{"allow":["GET"]}}],"collection":[{"href":"https:\/\/avsc13.fr\/site\/wp-json\/wp\/v2\/posts"}],"about":[{"href":"https:\/\/avsc13.fr\/site\/wp-json\/wp\/v2\/types\/post"}],"author":[{"embeddable":true,"href":"https:\/\/avsc13.fr\/site\/wp-json\/wp\/v2\/users\/1"}],"replies":[{"embeddable":true,"href":"https:\/\/avsc13.fr\/site\/wp-json\/wp\/v2\/comments?post=797"}],"version-history":[{"count":1,"href":"https:\/\/avsc13.fr\/site\/wp-json\/wp\/v2\/posts\/797\/revisions"}],"predecessor-version":[{"id":800,"href":"https:\/\/avsc13.fr\/site\/wp-json\/wp\/v2\/posts\/797\/revisions\/800"}],"wp:featuredmedia":[{"embeddable":true,"href":"https:\/\/avsc13.fr\/site\/wp-json\/wp\/v2\/media\/799"}],"wp:attachment":[{"href":"https:\/\/avsc13.fr\/site\/wp-json\/wp\/v2\/media?parent=797"}],"wp:term":[{"taxonomy":"category","embeddable":true,"href":"https:\/\/avsc13.fr\/site\/wp-json\/wp\/v2\/categories?post=797"},{"taxonomy":"post_tag","embeddable":true,"href":"https:\/\/avsc13.fr\/site\/wp-json\/wp\/v2\/tags?post=797"}],"curies":[{"name":"wp","href":"https:\/\/api.w.org\/{rel}","templated":true}]}}